{"id":1870,"date":"2023-06-13T14:59:56","date_gmt":"2023-06-13T14:59:56","guid":{"rendered":"http:\/\/cidc.inder.gob.cu\/?p=1870"},"modified":"2023-06-13T14:59:57","modified_gmt":"2023-06-13T14:59:57","slug":"confirman-equipo-de-pentatlon-para-san-salvador-2023","status":"publish","type":"post","link":"http:\/\/cidc.inder.gob.cu\/index.php\/2023\/06\/13\/confirman-equipo-de-pentatlon-para-san-salvador-2023\/","title":{"rendered":"Confirman equipo de pentatl\u00f3n para San Salvador 2023"},"content":{"rendered":"<div class=\"pdfprnt-buttons pdfprnt-buttons-post pdfprnt-top-right\"><a href=\"http:\/\/cidc.inder.gob.cu\/index.php\/wp-json\/wp\/v2\/posts\/1870?print=pdf\" class=\"pdfprnt-button pdfprnt-button-pdf\" target=\"_blank\"><img decoding=\"async\" src=\"http:\/\/cidc.inder.gob.cu\/wp-content\/plugins\/pdf-print\/images\/pdf.png\" alt=\"image_pdf\" title=\"Ver PDF\" \/><\/a><a href=\"http:\/\/cidc.inder.gob.cu\/index.php\/wp-json\/wp\/v2\/posts\/1870?print=print\" class=\"pdfprnt-button pdfprnt-button-print\" target=\"_blank\"><img decoding=\"async\" src=\"http:\/\/cidc.inder.gob.cu\/wp-content\/plugins\/pdf-print\/images\/print.png\" alt=\"image_print\" title=\"Imprimir contenido\" \/><\/a><\/div>\n<p class=\"has-medium-font-size\">La Habana.-&nbsp;<strong>SEIS<\/strong>&nbsp;atletas integran el equipo de pentatl\u00f3n moderno de Cuba que participar\u00e1 en los XXIV Juegos Centroamericanos y del Caribe de San Salvador 2023.<\/p>\n\n\n\n<p class=\"has-medium-font-size\">La competencia tendr\u00e1 lugar del 24 al 28 de junio en la subsede prevista en Santo Domingo, donde los antillanos aspiran a protagonizar su mejor desempe\u00f1o.<\/p>\n\n\n\n<p class=\"has-medium-font-size\">El tr\u00edo de damas lo forman Delmis P\u00e9rez, de 25 a\u00f1os de edad, Diana Leyva (20) y Adriana Sanam\u00e9 (16). El varonil lo componen Juan Pablo Vel\u00e1zquez (25), Marcos Rojas (22) y Lester Ders (34).<\/p>\n\n\n\n<p class=\"has-medium-font-size\">Rigoberto Morej\u00f3n viajar\u00e1 en rol de entrenador y el comisionado nacional de este deporte, Frank Alberto Mart\u00ednez, como jefe de la delegaci\u00f3n.<\/p>\n\n\n\n<p class=\"has-medium-font-size\">El equipo cubano competir\u00e1 en las pruebas individuales y los relevos de cada g\u00e9nero, y en el mixto, programa tradicional de este deporte que incluye nataci\u00f3n, esgrima, equitaci\u00f3n y la combinada de carrera y tiro.<\/p>\n\n\n\n<p class=\"has-medium-font-size\">En la anterior cita de Barranquilla, Colombia, en 2018, asistieron Delmis y Lester, quien result\u00f3 medallista de oro en el relevo para hombres junto a Raidel Orama, actuaci\u00f3n que ubic\u00f3 a Cuba en el tercer lugar por pa\u00edses detr\u00e1s de Guatemala y M\u00e9xico, en ese orden.<\/p>\n\n\n\n<p class=\"has-medium-font-size\">La Isla tambi\u00e9n consigui\u00f3 aquel a\u00f1o, en la subsede de Cali, par de medallas de bronce en los relevos femenino (Leidy Laura Moya-Eliane Camara) y mixto (Jos\u00e9 Figueroa-Leidy Laura).<\/p>\n\n\n\n<p class=\"has-medium-font-size\">En San Salvador 2023, Lester y sus j\u00f3venes acompa\u00f1antes tendr\u00e1n nuevamente como rivales de mayor consideraci\u00f3n a guatemaltecos y mexicanos.<\/p>\n\n\n\n<p class=\"has-medium-font-size\">A pesar de las dificultades que provoc\u00f3 la pandemia del coronavirus-19, pudieron asegurar boletos para San Salvador, as\u00ed como rumbo a los Juegos Panamericanos de Santiago 2023, en clasificatorios celebrados en Santo Domingo y Brasil, respectivamente.<\/p>\n\n\n\n<p class=\"has-medium-font-size\">\u00abQueremos que el equipo disfrute el evento, que no sienta presi\u00f3n, sino confianza de que pueden realizar un buen papel y ese es su objetivo\u00bb, declar\u00f3 a&nbsp;<strong>JIT<\/strong>&nbsp;Frank Alberto.<\/p>\n\n\n\n<p class=\"has-medium-font-size\">El equipo de pentatl\u00f3n se entrena en instalaciones de la Escuela de Formaci\u00f3n de Atletas de Alto Rendimiento Cerro Pelado y del Parque Lenin.<\/p>\n","protected":false},"excerpt":{"rendered":"<p>La Habana.-&nbsp;SEIS&nbsp;atletas integran el equipo de pentatl\u00f3n moderno de Cuba que participar\u00e1 en los XXIV Juegos Centroamericanos y del Caribe<\/p>\n","protected":false},"author":1,"featured_media":1871,"comment_status":"closed","ping_status":"closed","sticky":false,"template":"","format":"standard","meta":{"_vp_format_video_url":"","_vp_image_focal_point":[],"footnotes":""},"categories":[5],"tags":[],"class_list":["post-1870","post","type-post","status-publish","format-standard","has-post-thumbnail","hentry","category-noticias-cidc"],"_links":{"self":[{"href":"http:\/\/cidc.inder.gob.cu\/index.php\/wp-json\/wp\/v2\/posts\/1870","targetHints":{"allow":["GET"]}}],"collection":[{"href":"http:\/\/cidc.inder.gob.cu\/index.php\/wp-json\/wp\/v2\/posts"}],"about":[{"href":"http:\/\/cidc.inder.gob.cu\/index.php\/wp-json\/wp\/v2\/types\/post"}],"author":[{"embeddable":true,"href":"http:\/\/cidc.inder.gob.cu\/index.php\/wp-json\/wp\/v2\/users\/1"}],"replies":[{"embeddable":true,"href":"http:\/\/cidc.inder.gob.cu\/index.php\/wp-json\/wp\/v2\/comments?post=1870"}],"version-history":[{"count":1,"href":"http:\/\/cidc.inder.gob.cu\/index.php\/wp-json\/wp\/v2\/posts\/1870\/revisions"}],"predecessor-version":[{"id":1872,"href":"http:\/\/cidc.inder.gob.cu\/index.php\/wp-json\/wp\/v2\/posts\/1870\/revisions\/1872"}],"wp:featuredmedia":[{"embeddable":true,"href":"http:\/\/cidc.inder.gob.cu\/index.php\/wp-json\/wp\/v2\/media\/1871"}],"wp:attachment":[{"href":"http:\/\/cidc.inder.gob.cu\/index.php\/wp-json\/wp\/v2\/media?parent=1870"}],"wp:term":[{"taxonomy":"category","embeddable":true,"href":"http:\/\/cidc.inder.gob.cu\/index.php\/wp-json\/wp\/v2\/categories?post=1870"},{"taxonomy":"post_tag","embeddable":true,"href":"http:\/\/cidc.inder.gob.cu\/index.php\/wp-json\/wp\/v2\/tags?post=1870"}],"curies":[{"name":"wp","href":"https:\/\/api.w.org\/{rel}","templated":true}]}}