{"id":2025,"date":"2023-06-20T18:50:31","date_gmt":"2023-06-20T18:50:31","guid":{"rendered":"http:\/\/cidc.inder.gob.cu\/?p=2025"},"modified":"2023-06-20T18:50:33","modified_gmt":"2023-06-20T18:50:33","slug":"baurelys-lidera-a-karatecas-rumbo-a-san-salvador-2023","status":"publish","type":"post","link":"http:\/\/cidc.inder.gob.cu\/index.php\/2023\/06\/20\/baurelys-lidera-a-karatecas-rumbo-a-san-salvador-2023\/","title":{"rendered":"Baurelys lidera a karatecas rumbo a San Salvador 2023"},"content":{"rendered":"<div class=\"pdfprnt-buttons pdfprnt-buttons-post pdfprnt-top-right\"><a href=\"http:\/\/cidc.inder.gob.cu\/index.php\/wp-json\/wp\/v2\/posts\/2025?print=pdf\" class=\"pdfprnt-button pdfprnt-button-pdf\" target=\"_blank\"><img decoding=\"async\" src=\"http:\/\/cidc.inder.gob.cu\/wp-content\/plugins\/pdf-print\/images\/pdf.png\" alt=\"image_pdf\" title=\"Ver PDF\" \/><\/a><a href=\"http:\/\/cidc.inder.gob.cu\/index.php\/wp-json\/wp\/v2\/posts\/2025?print=print\" class=\"pdfprnt-button pdfprnt-button-print\" target=\"_blank\"><img decoding=\"async\" src=\"http:\/\/cidc.inder.gob.cu\/wp-content\/plugins\/pdf-print\/images\/print.png\" alt=\"image_print\" title=\"Imprimir contenido\" \/><\/a><\/div>\n<p class=\"has-medium-font-size\">La Habana.-&nbsp;<strong>UNA&nbsp;ESCUADRA<\/strong>&nbsp;renovada en casi el 90 % competir\u00e1 por Cuba en el torneo de karate en los XXIV Juegos Centroamericanos y del Caribe de San Salvador 2023, que ser\u00e1n inaugurados el 23 de junio en el estadio Jorge \u201cM\u00e1gico\u201d Gonz\u00e1lez.&nbsp;<\/p>\n\n\n\n<p class=\"has-medium-font-size\">Solo Baurelys Torres (55 kg) repite respecto al elenco asistente a los Juegos Centrocaribes de Barranquilla 2018, cuando consigui\u00f3 medalla de plata.<\/p>\n\n\n\n<p class=\"has-medium-font-size\">\u00abLos muchachos han cumplido el plan de entrenamiento y dos de ellos, Baurelys y Brayan D\u00edaz, tuvieron acci\u00f3n en los V Juegos del Alba de Venezuela 2023\u00bb dijo a&nbsp;<strong>JIT<\/strong>&nbsp;Carmen Aizpur\u00faa, presidenta de la federaci\u00f3n nacional de este deporte.<\/p>\n\n\n\n<p class=\"has-medium-font-size\">\u00abEn Barranquilla nos ubicamos en el cuarto lugar por pa\u00edses con un metal de oro, dos de plata y cuatro de bronce. Ahora vamos con un grupo bastante joven y de poca experiencia en general, pero daremos pelea\u00bb, expres\u00f3 la tambi\u00e9n comisionada nacional.<\/p>\n\n\n\n<p class=\"has-medium-font-size\">Integran la armada femenina Daniela Alejandra Mogena (50 kg), Baurelys de la Caridad Torres (55 kg), B\u00e1rbara Felicia Lynn (61 kg), Yenisleidys Reina Noblet (68 kg) y Viviana Danguillecourt (+68 kg). La masculina la componen Brayan D\u00edaz (60 kg), Lousbel Vel\u00e1zquez (67 kg), Abel Fundora (75 kg) y Dariel Ducasse (+84 kg). En kata individual lidiar\u00e1 V\u00edctor C\u00e9sar S\u00e1nchez.<\/p>\n\n\n\n<p class=\"has-medium-font-size\">Los principales adversarios de los antillanos ser\u00e1n los karatecas venezolanos, liderados por el campe\u00f3n ol\u00edmpico Antonio D\u00edaz, as\u00ed como los de Rep\u00fablica Dominicana y Colombia.<\/p>\n\n\n\n<p class=\"has-medium-font-size\">Cuba atesora en el karate de los juegos regionales m\u00e1s antiguos del planeta 58 preseas (25-16 y 17).<\/p>\n","protected":false},"excerpt":{"rendered":"<p>La Habana.-&nbsp;UNA&nbsp;ESCUADRA&nbsp;renovada en casi el 90 % competir\u00e1 por Cuba en el torneo de karate en los XXIV Juegos Centroamericanos<\/p>\n","protected":false},"author":1,"featured_media":2026,"comment_status":"closed","ping_status":"closed","sticky":false,"template":"","format":"standard","meta":{"_vp_format_video_url":"","_vp_image_focal_point":[],"footnotes":""},"categories":[5],"tags":[],"class_list":["post-2025","post","type-post","status-publish","format-standard","has-post-thumbnail","hentry","category-noticias-cidc"],"_links":{"self":[{"href":"http:\/\/cidc.inder.gob.cu\/index.php\/wp-json\/wp\/v2\/posts\/2025","targetHints":{"allow":["GET"]}}],"collection":[{"href":"http:\/\/cidc.inder.gob.cu\/index.php\/wp-json\/wp\/v2\/posts"}],"about":[{"href":"http:\/\/cidc.inder.gob.cu\/index.php\/wp-json\/wp\/v2\/types\/post"}],"author":[{"embeddable":true,"href":"http:\/\/cidc.inder.gob.cu\/index.php\/wp-json\/wp\/v2\/users\/1"}],"replies":[{"embeddable":true,"href":"http:\/\/cidc.inder.gob.cu\/index.php\/wp-json\/wp\/v2\/comments?post=2025"}],"version-history":[{"count":1,"href":"http:\/\/cidc.inder.gob.cu\/index.php\/wp-json\/wp\/v2\/posts\/2025\/revisions"}],"predecessor-version":[{"id":2027,"href":"http:\/\/cidc.inder.gob.cu\/index.php\/wp-json\/wp\/v2\/posts\/2025\/revisions\/2027"}],"wp:featuredmedia":[{"embeddable":true,"href":"http:\/\/cidc.inder.gob.cu\/index.php\/wp-json\/wp\/v2\/media\/2026"}],"wp:attachment":[{"href":"http:\/\/cidc.inder.gob.cu\/index.php\/wp-json\/wp\/v2\/media?parent=2025"}],"wp:term":[{"taxonomy":"category","embeddable":true,"href":"http:\/\/cidc.inder.gob.cu\/index.php\/wp-json\/wp\/v2\/categories?post=2025"},{"taxonomy":"post_tag","embeddable":true,"href":"http:\/\/cidc.inder.gob.cu\/index.php\/wp-json\/wp\/v2\/tags?post=2025"}],"curies":[{"name":"wp","href":"https:\/\/api.w.org\/{rel}","templated":true}]}}