{"id":2736,"date":"2024-07-16T13:59:40","date_gmt":"2024-07-16T13:59:40","guid":{"rendered":"http:\/\/cidc.inder.gob.cu\/?p=2736"},"modified":"2024-07-16T13:59:41","modified_gmt":"2024-07-16T13:59:41","slug":"defensa-de-diploma-para-obtener-el-titulo-de-licenciados-en-cultura-fisica","status":"publish","type":"post","link":"http:\/\/cidc.inder.gob.cu\/index.php\/2024\/07\/16\/defensa-de-diploma-para-obtener-el-titulo-de-licenciados-en-cultura-fisica\/","title":{"rendered":"Defensa de diploma para obtener el t\u00edtulo de Licenciados en Cultura F\u00edsica"},"content":{"rendered":"<div class=\"pdfprnt-buttons pdfprnt-buttons-post pdfprnt-top-right\"><a href=\"http:\/\/cidc.inder.gob.cu\/index.php\/wp-json\/wp\/v2\/posts\/2736?print=pdf\" class=\"pdfprnt-button pdfprnt-button-pdf\" target=\"_blank\"><img decoding=\"async\" src=\"http:\/\/cidc.inder.gob.cu\/wp-content\/plugins\/pdf-print\/images\/pdf.png\" alt=\"image_pdf\" title=\"Ver PDF\" \/><\/a><a href=\"http:\/\/cidc.inder.gob.cu\/index.php\/wp-json\/wp\/v2\/posts\/2736?print=print\" class=\"pdfprnt-button pdfprnt-button-print\" target=\"_blank\"><img decoding=\"async\" src=\"http:\/\/cidc.inder.gob.cu\/wp-content\/plugins\/pdf-print\/images\/print.png\" alt=\"image_print\" title=\"Imprimir contenido\" \/><\/a><\/div>\n<p class=\"has-medium-font-size\">En la jornada de lunes, nuestra facultad se visti\u00f3 de orgullo y elegancia para recibir a dos ponentes quienes defendieron su trabajo de diploma para obtener el t\u00edtulo de Licenciados en Cultura F\u00edsica.<\/p>\n\n\n\n<p class=\"has-medium-font-size\">Teniendo el honor de contar con la presencia del Centro de Investigaciones del Deporte Cubano (CIDC), representado por:<\/p>\n\n\n\n<ul class=\"has-medium-font-size wp-block-list\">\n<li class=\"has-medium-font-size\">Dr. Jorge Pavel Pino Rivero. Director del CIDC y Presidente de la Federaci\u00f3n Cubana de Medicina Deportiva<\/li>\n<\/ul>\n\n\n\n<ul class=\"has-medium-font-size wp-block-list\">\n<li class=\"has-medium-font-size\">M. Sc. Patricia Mart\u00ed Est\u00e9vez. Especialista de Postgrado para el Alto Rendimiento en Nataci\u00f3n Art\u00edstica.<\/li>\n<\/ul>\n\n\n\n<ul class=\"has-medium-font-size wp-block-list\">\n<li class=\"has-medium-font-size\">Dianys Dorvigny Ramirez. Especialista de Cuadro.<\/li>\n<\/ul>\n\n\n\n<p class=\"has-medium-font-size\">De nuestra facultad contamos con especialistas en los temas expuestos, y formaron, a su vez, parte del tribunal de trabajo de diploma, contando asi con la presencia de:<\/p>\n\n\n\n<ul class=\"wp-block-list\">\n<li class=\"has-medium-font-size\">Lic. Aylen Gonz\u00e1lez Padr\u00f3n<\/li>\n<\/ul>\n\n\n\n<ul class=\"wp-block-list\">\n<li class=\"has-medium-font-size\">M. Sc. Marlene Colombe Echenique<\/li>\n<\/ul>\n\n\n\n<ul class=\"wp-block-list\">\n<li class=\"has-medium-font-size\">M. S.c Rafael Hern\u00e1ndez Herrera<\/li>\n<\/ul>\n\n\n\n<ul class=\"wp-block-list\">\n<li class=\"has-medium-font-size\">Dr.C \u00c1ngel L\u00e1zaro Gil Su\u00e1rez<\/li>\n<\/ul>\n\n\n\n<p class=\"has-medium-font-size\">Hicieron su defensa, alcanzando su m\u00e1xima puntuaci\u00f3n, por la excelencia de sus presentaciones, el dominio de su investigaci\u00f3n y cumplimiento de sus objetivos demostrado por sus resultados alcanzados. Los j\u00f3venes licenciados son:<\/p>\n\n\n\n<p class=\"has-medium-font-size\">Eduardo Antonio Noriega P\u00e9rez con el titulo: Cuestionario para la evaluaci\u00f3n de la calidad de sue\u00f1o en deportistas de alto rendimiento de la Provincia de Artemisa.<\/p>\n\n\n\n<p class=\"has-medium-font-size\">Kathleen Bencomo Milian con el tema: Comportamiento del Patr\u00f3n de Lateralidad en la reserva deportiva de la EIDE \u00abJulio D\u00edaz Gonz\u00e1lez\u00bb, Artemisa.<\/p>\n\n\n\n<p class=\"has-medium-font-size\">Ambos trabajos de diploma contaron con las tutoras:<\/p>\n\n\n\n<ul class=\"has-medium-font-size wp-block-list\">\n<li class=\"has-medium-font-size\">M. Sc. An\u00e1ibis Martinez Galv\u00e1n Psic\u00f3loga del Centro de Medicina Deportiva de Artemisa<\/li>\n<\/ul>\n\n\n\n<ul class=\"has-medium-font-size wp-block-list\">\n<li class=\"has-medium-font-size\">M. Sc. Aleen Trujillo Rodr\u00edguez quien es subdirectora del Centro de Medicina Deportiva de Artemisa.<\/li>\n<\/ul>\n\n\n\n<ul class=\"has-medium-font-size wp-block-list\">\n<li class=\"has-medium-font-size\">M. Sc.Lorena Carrasco Lara Especialista del centro de Medicina Deportiva de Artemisa<\/li>\n<\/ul>\n\n\n\n<p class=\"has-medium-font-size\">Les desea nuestra Facultad muchas felicidades y \u00e9xitos en su devenir laboral.<\/p>\n\n\n\n<p class=\"has-medium-font-size\">Facultad de Cultura F\u00edsica UA<\/p>\n","protected":false},"excerpt":{"rendered":"<p>En la jornada de lunes, nuestra facultad se visti\u00f3 de orgullo y elegancia para recibir a dos ponentes quienes defendieron<\/p>\n","protected":false},"author":1,"featured_media":2734,"comment_status":"closed","ping_status":"closed","sticky":false,"template":"","format":"standard","meta":{"_vp_format_video_url":"","_vp_image_focal_point":[],"footnotes":""},"categories":[5],"tags":[],"class_list":["post-2736","post","type-post","status-publish","format-standard","has-post-thumbnail","hentry","category-noticias-cidc"],"_links":{"self":[{"href":"http:\/\/cidc.inder.gob.cu\/index.php\/wp-json\/wp\/v2\/posts\/2736","targetHints":{"allow":["GET"]}}],"collection":[{"href":"http:\/\/cidc.inder.gob.cu\/index.php\/wp-json\/wp\/v2\/posts"}],"about":[{"href":"http:\/\/cidc.inder.gob.cu\/index.php\/wp-json\/wp\/v2\/types\/post"}],"author":[{"embeddable":true,"href":"http:\/\/cidc.inder.gob.cu\/index.php\/wp-json\/wp\/v2\/users\/1"}],"replies":[{"embeddable":true,"href":"http:\/\/cidc.inder.gob.cu\/index.php\/wp-json\/wp\/v2\/comments?post=2736"}],"version-history":[{"count":1,"href":"http:\/\/cidc.inder.gob.cu\/index.php\/wp-json\/wp\/v2\/posts\/2736\/revisions"}],"predecessor-version":[{"id":2737,"href":"http:\/\/cidc.inder.gob.cu\/index.php\/wp-json\/wp\/v2\/posts\/2736\/revisions\/2737"}],"wp:featuredmedia":[{"embeddable":true,"href":"http:\/\/cidc.inder.gob.cu\/index.php\/wp-json\/wp\/v2\/media\/2734"}],"wp:attachment":[{"href":"http:\/\/cidc.inder.gob.cu\/index.php\/wp-json\/wp\/v2\/media?parent=2736"}],"wp:term":[{"taxonomy":"category","embeddable":true,"href":"http:\/\/cidc.inder.gob.cu\/index.php\/wp-json\/wp\/v2\/categories?post=2736"},{"taxonomy":"post_tag","embeddable":true,"href":"http:\/\/cidc.inder.gob.cu\/index.php\/wp-json\/wp\/v2\/tags?post=2736"}],"curies":[{"name":"wp","href":"https:\/\/api.w.org\/{rel}","templated":true}]}}