{"id":634,"date":"2022-09-09T16:07:56","date_gmt":"2022-09-09T16:07:56","guid":{"rendered":"http:\/\/cidc.inder.gob.cu\/?p=634"},"modified":"2022-09-09T16:12:40","modified_gmt":"2022-09-09T16:12:40","slug":"dan-a-conocer-preseleccion-nacional-de-beisbol-categoria-sub-23","status":"publish","type":"post","link":"http:\/\/cidc.inder.gob.cu\/index.php\/2022\/09\/09\/dan-a-conocer-preseleccion-nacional-de-beisbol-categoria-sub-23\/","title":{"rendered":"Dan a conocer preselecci\u00f3n nacional de beisbol categor\u00eda sub-23"},"content":{"rendered":"<div class=\"pdfprnt-buttons pdfprnt-buttons-post pdfprnt-top-right\"><a href=\"http:\/\/cidc.inder.gob.cu\/index.php\/wp-json\/wp\/v2\/posts\/634?print=pdf\" class=\"pdfprnt-button pdfprnt-button-pdf\" target=\"_blank\"><img decoding=\"async\" src=\"http:\/\/cidc.inder.gob.cu\/wp-content\/plugins\/pdf-print\/images\/pdf.png\" alt=\"image_pdf\" title=\"Ver PDF\" \/><\/a><a href=\"http:\/\/cidc.inder.gob.cu\/index.php\/wp-json\/wp\/v2\/posts\/634?print=print\" class=\"pdfprnt-button pdfprnt-button-print\" target=\"_blank\"><img decoding=\"async\" src=\"http:\/\/cidc.inder.gob.cu\/wp-content\/plugins\/pdf-print\/images\/print.png\" alt=\"image_print\" title=\"Imprimir contenido\" \/><\/a><\/div>\n<figure class=\"wp-block-image size-full\"><img loading=\"lazy\" decoding=\"async\" width=\"580\" height=\"322\" src=\"http:\/\/cidc.inder.gob.cu\/wp-content\/uploads\/2022\/09\/22-Cuba-Mex-Panam-sub.jpg\" alt=\"\" class=\"wp-image-635\" srcset=\"http:\/\/cidc.inder.gob.cu\/wp-content\/uploads\/2022\/09\/22-Cuba-Mex-Panam-sub.jpg 580w, http:\/\/cidc.inder.gob.cu\/wp-content\/uploads\/2022\/09\/22-Cuba-Mex-Panam-sub-300x167.jpg 300w, http:\/\/cidc.inder.gob.cu\/wp-content\/uploads\/2022\/09\/22-Cuba-Mex-Panam-sub-500x278.jpg 500w\" sizes=\"auto, (max-width: 580px) 100vw, 580px\" \/><\/figure>\n\n\n\n<p class=\"has-medium-font-size\">Tres receptores, nueve jugadores de cuadro, siete jardineros y 16 lanzadores integran la preselecci\u00f3n que dar\u00e1 lugar al equipo Cuba a la Copa Mundial Sub-23 de Beisbol de Taiw\u00e1n 2022, prevista del 14 al 23 de octubre.<\/p>\n\n\n\n<p class=\"has-medium-font-size\">La comunicaci\u00f3n emitida por la comisi\u00f3n nacional de este deporte precisa que los convocados comenzaron a reunirse en el Estadio Latinoamericano, al mando del director Ala\u00edn S\u00e1nchez y el resto del colectivo t\u00e9cnico.<\/p>\n\n\n\n<p class=\"has-medium-font-size\">A\u00f1ade que la cifra de la que saldr\u00e1n los 24 elegidos se corresponde con la exigida por los organizadores a fin de agilizar tr\u00e1mites de visado y otras gestiones log\u00edsticas.<\/p>\n\n\n\n<p class=\"has-medium-font-size\">Aqu\u00ed les dejamos con la lista de preseleccionados<\/p>\n\n\n\n<p class=\"has-medium-font-size\">Receptores (3): Andrys P\u00e9rez Garc\u00eda (MTZ), Brayan Javier Gonz\u00e1lez Ba\u00f1o (HAB) y Harold V\u00e1zquez Rizo (SCU).<\/p>\n\n\n\n<p class=\"has-medium-font-size\">Jugadores de cuadro (9): Pedro Pablo Revilla Leiva (GTM), Guillermo Garc\u00eda Garc\u00eda (GRA), Yaser P\u00e9rez Acosta (LTU),<\/p>\n\n\n\n<p class=\"has-medium-font-size\">Carlos Rodr\u00edguez Gonz\u00e1lez (LTU), Christian Rodr\u00edguez Garc\u00eda (VCL), Yuri Fern\u00e1ndez de Armas (VCL), Cristihan Hidalgo Ch\u00e1vez (HAB), Ariel D\u00edaz Pared (VCL) y Jeifer Rodr\u00edguez Hern\u00e1ndez (PRI).<\/p>\n\n\n\n<p class=\"has-medium-font-size\">Jardineros (7): Dany de Jes\u00fas Oramas Navarro (CFG), Francisco de Jes\u00fas Venecia Su\u00e1rez (GRA), Daniel de Jes\u00fas Gonz\u00e1lez Grey (SSP), Carlos Alberto Monier Torres (SCU), Dairon Montalvo Castillo (CAV), Danger Rafael Casi Cuti\u00f1o (GTM) y Liv\u00e1n Moreno Segu\u00ed (SCU).<\/p>\n\n\n\n<p class=\"has-medium-font-size\">Lanzadores (16): Naykel Yoel Cruz Sald\u00edvar (MTZ), Oscar Ernesto Hern\u00e1ndez Horta (VCL), Enyer Fern\u00e1ndez Favier (GTM),<\/p>\n\n\n\n<p class=\"has-medium-font-size\">Luis Alejandro Serpa Socarr\u00e1s (CFG), Michel Cabrera Rodr\u00edguez (HOL), Alexander Valiente Rodr\u00edguez (GTM), Roberto Hern\u00e1ndez Navarro (SSP), Alex Guerra Garc\u00e9s (SSP), Dorbis Lornet Navarro Queralta (IJV), Erick Christian Gonz\u00e1lez S\u00e1nchez (HAB), Andy Vargas Lescaille (HAB), Marlon Vega Travieso (MAY), Frank Abel \u00c1lvarez D\u00edaz (PRI), Randy Cueto P\u00e9rez (VCL), Gabriel Cantero Rodr\u00edguez (PRI) y Osvaldo C\u00e1rdenas Ag\u00fcero (CAV).<\/p>\n\n\n\n<p class=\"has-medium-font-size\">Colectivo de direcci\u00f3n: Ala\u00edn \u00c1lvarez Moya (DT, CFG), Julio C\u00e9sar \u00c1lvarez P\u00e9rez (VCL), Dioel Reyes Viquill\u00f3n (IJV), Pedro Luis Lazo Iglesias (PRI), Roberto Isidro Gonz\u00e1lez Bonachea (CNB) y Francisco Montesino Flores (M\u00e9dico).<\/p>\n\n\n\n<p class=\"has-medium-font-size\">(Tomado de JIT)<\/p>\n","protected":false},"excerpt":{"rendered":"<p>Tres receptores, nueve jugadores de cuadro, siete jardineros y 16 lanzadores integran la preselecci\u00f3n que dar\u00e1 lugar al equipo Cuba<\/p>\n","protected":false},"author":1,"featured_media":635,"comment_status":"closed","ping_status":"closed","sticky":false,"template":"","format":"standard","meta":{"_vp_format_video_url":"","_vp_image_focal_point":[],"footnotes":""},"categories":[5],"tags":[],"class_list":["post-634","post","type-post","status-publish","format-standard","has-post-thumbnail","hentry","category-noticias-cidc"],"_links":{"self":[{"href":"http:\/\/cidc.inder.gob.cu\/index.php\/wp-json\/wp\/v2\/posts\/634","targetHints":{"allow":["GET"]}}],"collection":[{"href":"http:\/\/cidc.inder.gob.cu\/index.php\/wp-json\/wp\/v2\/posts"}],"about":[{"href":"http:\/\/cidc.inder.gob.cu\/index.php\/wp-json\/wp\/v2\/types\/post"}],"author":[{"embeddable":true,"href":"http:\/\/cidc.inder.gob.cu\/index.php\/wp-json\/wp\/v2\/users\/1"}],"replies":[{"embeddable":true,"href":"http:\/\/cidc.inder.gob.cu\/index.php\/wp-json\/wp\/v2\/comments?post=634"}],"version-history":[{"count":2,"href":"http:\/\/cidc.inder.gob.cu\/index.php\/wp-json\/wp\/v2\/posts\/634\/revisions"}],"predecessor-version":[{"id":640,"href":"http:\/\/cidc.inder.gob.cu\/index.php\/wp-json\/wp\/v2\/posts\/634\/revisions\/640"}],"wp:featuredmedia":[{"embeddable":true,"href":"http:\/\/cidc.inder.gob.cu\/index.php\/wp-json\/wp\/v2\/media\/635"}],"wp:attachment":[{"href":"http:\/\/cidc.inder.gob.cu\/index.php\/wp-json\/wp\/v2\/media?parent=634"}],"wp:term":[{"taxonomy":"category","embeddable":true,"href":"http:\/\/cidc.inder.gob.cu\/index.php\/wp-json\/wp\/v2\/categories?post=634"},{"taxonomy":"post_tag","embeddable":true,"href":"http:\/\/cidc.inder.gob.cu\/index.php\/wp-json\/wp\/v2\/tags?post=634"}],"curies":[{"name":"wp","href":"https:\/\/api.w.org\/{rel}","templated":true}]}}