{"id":637,"date":"2022-09-09T16:11:18","date_gmt":"2022-09-09T16:11:18","guid":{"rendered":"http:\/\/cidc.inder.gob.cu\/?p=637"},"modified":"2022-09-09T16:11:19","modified_gmt":"2022-09-09T16:11:19","slug":"armando-johnson-dirigira-al-equipo-cuba-en-el-v-clasico-mundial-de-beisbol","status":"publish","type":"post","link":"http:\/\/cidc.inder.gob.cu\/index.php\/2022\/09\/09\/armando-johnson-dirigira-al-equipo-cuba-en-el-v-clasico-mundial-de-beisbol\/","title":{"rendered":"Armando Johnson dirigir\u00e1 al equipo Cuba en el V Cl\u00e1sico Mundial de B\u00e9isbol"},"content":{"rendered":"<div class=\"pdfprnt-buttons pdfprnt-buttons-post pdfprnt-top-right\"><a href=\"http:\/\/cidc.inder.gob.cu\/index.php\/wp-json\/wp\/v2\/posts\/637?print=pdf\" class=\"pdfprnt-button pdfprnt-button-pdf\" target=\"_blank\"><img decoding=\"async\" src=\"http:\/\/cidc.inder.gob.cu\/wp-content\/plugins\/pdf-print\/images\/pdf.png\" alt=\"image_pdf\" title=\"Ver PDF\" \/><\/a><a href=\"http:\/\/cidc.inder.gob.cu\/index.php\/wp-json\/wp\/v2\/posts\/637?print=print\" class=\"pdfprnt-button pdfprnt-button-print\" target=\"_blank\"><img decoding=\"async\" src=\"http:\/\/cidc.inder.gob.cu\/wp-content\/plugins\/pdf-print\/images\/print.png\" alt=\"image_print\" title=\"Imprimir contenido\" \/><\/a><\/div>\n<figure class=\"wp-block-image size-full\"><img loading=\"lazy\" decoding=\"async\" width=\"580\" height=\"355\" src=\"http:\/\/cidc.inder.gob.cu\/wp-content\/uploads\/2022\/09\/22-Armando-Johnson-entrev-580x355-1.jpg\" alt=\"\" class=\"wp-image-638\" srcset=\"http:\/\/cidc.inder.gob.cu\/wp-content\/uploads\/2022\/09\/22-Armando-Johnson-entrev-580x355-1.jpg 580w, http:\/\/cidc.inder.gob.cu\/wp-content\/uploads\/2022\/09\/22-Armando-Johnson-entrev-580x355-1-300x184.jpg 300w, http:\/\/cidc.inder.gob.cu\/wp-content\/uploads\/2022\/09\/22-Armando-Johnson-entrev-580x355-1-500x306.jpg 500w\" sizes=\"auto, (max-width: 580px) 100vw, 580px\" \/><\/figure>\n\n\n\n<p class=\"has-medium-font-size\">Armando Johnson dirigir\u00e1&nbsp;<strong>los equipos que representar\u00e1n a Cuba en el V Cl\u00e1sico Mundial de B\u00e9isbol y en los restantes eventos de primer nivel durante los a\u00f1os 2023 y 2024.<\/strong><\/p>\n\n\n\n<p class=\"has-medium-font-size\">As\u00ed lo informa hoy la federaci\u00f3n cubana de este deporte, que adem\u00e1s design\u00f3 al cienfueguero Alain \u00c1lvarez como timonel del elenco nacional&nbsp;<a href=\"http:\/\/www.cubadebate.cu\/noticias\/2022\/09\/06\/vii-campeonato-nacional-sub-23-villa-clara-es-el-nuevo-campeon\/\">sub-23 a\u00f1os<\/a>&nbsp;con vistas al certamen mundial de octubre venidero en Taiw\u00e1n.<\/p>\n\n\n\n<p class=\"has-medium-font-size\">Por su importancia, JIT reproduce \u00edntegramente la nota llegada a su redacci\u00f3n.<\/p>\n\n\n\n<p class=\"has-medium-font-size\"><strong>Informaci\u00f3n de la&nbsp; FCB<\/strong><\/p>\n\n\n\n<p class=\"has-medium-font-size\">Armando Johnson Zald\u00edvar ser\u00e1 el director de los equipos que representar\u00e1n a Cuba en el V Cl\u00e1sico Mundial de B\u00e9isbol y en los restantes eventos de primer nivel a los que asistiremos durante los a\u00f1os 2023 y 2024.<\/p>\n\n\n\n<p class=\"has-medium-font-size\">Como establece la nueva estrategia para el desarrollo de nuestro deporte, la decisi\u00f3n implic\u00f3 profundos an\u00e1lisis sobre las competencias profesionales de cada candidato a ocupar esa responsabilidad, incluidos los resultantes del seguimiento asignado a ellos durante la 61 Serie Nacional de B\u00e9isbol y sus desempe\u00f1os internacionales de los \u00faltimos a\u00f1os.<\/p>\n\n\n\n<p class=\"has-medium-font-size\">Johnson acumula una larga y fruct\u00edfera trayectoria como mentor en las series nacionales y con el equipo Cuba en categor\u00edas menores. Su m\u00e1s reciente logro fue la medalla de plata en el certamen panamericano sub-23 disputado en Aguascalientes, M\u00e9xico, en junio pasado.<\/p>\n\n\n\n<p class=\"has-medium-font-size\">Su nombramiento al frente de nuestra selecci\u00f3n \u00e9lite se ha concebido hasta el cierre de la temporada internacional de 2024, tras la cual se har\u00e1n nuevas valoraciones a fin de ratificarle o no para el cuatrienio hasta Los \u00c1ngeles 2028.<\/p>\n\n\n\n<p class=\"has-medium-font-size\">En cuanto al elenco nacional sub-23 a\u00f1os, hasta ahora dirigido por \u00e9l, informamos que estar\u00e1 bajo el mando de Ala\u00edn \u00c1lvarez Moya con vistas al certamen mundial de octubre venidero en Taiw\u00e1n.<\/p>\n\n\n\n<p class=\"has-medium-font-size\">\u00c1lvarez es un joven bien preparado, con experiencia en nuestras series nacionales y capacidad de superaci\u00f3n a corto y largo plazos. Asumi\u00f3 la preparaci\u00f3n t\u00e9cnica de este conjunto sub-23 para los I Juegos Panamericanos J\u00fanior de Cali 2021 y para la reciente justa en Aguascalientes.<\/p>\n\n\n\n<p class=\"has-medium-font-size\">En las pr\u00f3ximas horas ofreceremos informaci\u00f3n detallada sobre los colectivos de direcci\u00f3n de la I Liga \u00c9lite del B\u00e9isbol Cubano, as\u00ed como la elecci\u00f3n de los atletas de inter\u00e9s de la comisi\u00f3n nacional y la bolsa de la cual se complet\u00f3 cada n\u00f3mina a instancia de los mentores.<\/p>\n\n\n\n<p class=\"has-medium-font-size\">Adelantamos que el m\u00e1nager campe\u00f3n de la VII Serie Nacional Sub-23 integrar\u00e1 el cuerpo de direcci\u00f3n del equipo que viajar\u00e1 a la cita del orbe de Taiw\u00e1n.<\/p>\n\n\n\n<p class=\"has-medium-font-size\">Federaci\u00f3n Cubana de B\u00e9isbol<\/p>\n\n\n\n<p class=\"has-medium-font-size\">La Habana, 7 de septiembre de 2022<\/p>\n\n\n\n<p class=\"has-medium-font-size\"><strong>(Con informaci\u00f3n de&nbsp;<a href=\"https:\/\/www.jit.cu\/NewsDetails.aspx?idnoticia=474033\" rel=\"noreferrer noopener\" target=\"_blank\">Jit)<\/a><\/strong><\/p>\n","protected":false},"excerpt":{"rendered":"<p>Armando Johnson dirigir\u00e1&nbsp;los equipos que representar\u00e1n a Cuba en el V Cl\u00e1sico Mundial de B\u00e9isbol y en los restantes eventos<\/p>\n","protected":false},"author":1,"featured_media":638,"comment_status":"closed","ping_status":"closed","sticky":false,"template":"","format":"standard","meta":{"_vp_format_video_url":"","_vp_image_focal_point":[],"footnotes":""},"categories":[5],"tags":[],"class_list":["post-637","post","type-post","status-publish","format-standard","has-post-thumbnail","hentry","category-noticias-cidc"],"_links":{"self":[{"href":"http:\/\/cidc.inder.gob.cu\/index.php\/wp-json\/wp\/v2\/posts\/637","targetHints":{"allow":["GET"]}}],"collection":[{"href":"http:\/\/cidc.inder.gob.cu\/index.php\/wp-json\/wp\/v2\/posts"}],"about":[{"href":"http:\/\/cidc.inder.gob.cu\/index.php\/wp-json\/wp\/v2\/types\/post"}],"author":[{"embeddable":true,"href":"http:\/\/cidc.inder.gob.cu\/index.php\/wp-json\/wp\/v2\/users\/1"}],"replies":[{"embeddable":true,"href":"http:\/\/cidc.inder.gob.cu\/index.php\/wp-json\/wp\/v2\/comments?post=637"}],"version-history":[{"count":1,"href":"http:\/\/cidc.inder.gob.cu\/index.php\/wp-json\/wp\/v2\/posts\/637\/revisions"}],"predecessor-version":[{"id":639,"href":"http:\/\/cidc.inder.gob.cu\/index.php\/wp-json\/wp\/v2\/posts\/637\/revisions\/639"}],"wp:featuredmedia":[{"embeddable":true,"href":"http:\/\/cidc.inder.gob.cu\/index.php\/wp-json\/wp\/v2\/media\/638"}],"wp:attachment":[{"href":"http:\/\/cidc.inder.gob.cu\/index.php\/wp-json\/wp\/v2\/media?parent=637"}],"wp:term":[{"taxonomy":"category","embeddable":true,"href":"http:\/\/cidc.inder.gob.cu\/index.php\/wp-json\/wp\/v2\/categories?post=637"},{"taxonomy":"post_tag","embeddable":true,"href":"http:\/\/cidc.inder.gob.cu\/index.php\/wp-json\/wp\/v2\/tags?post=637"}],"curies":[{"name":"wp","href":"https:\/\/api.w.org\/{rel}","templated":true}]}}